[{"@context":"https:\/\/schema.org\/","@type":"Article","@id":"https:\/\/www.zahoranek.cz\/rozsirte-si-svuj-dum\/#Article","mainEntityOfPage":"https:\/\/www.zahoranek.cz\/rozsirte-si-svuj-dum\/","headline":"Roz\u0161i\u0159te si sv\u016fj d\u016fm","name":"Roz\u0161i\u0159te si sv\u016fj d\u016fm","description":"Chcete prakticky roz\u0161\u00ed\u0159it sv\u016fj d\u016fm? Zimn\u00ed zahrady roz\u0161\u00ed\u0159\u00ed V\u00e1\u0161 obytn\u00fd prostor o dal\u0161\u00ed m\u00edstnost. Umo\u017en\u00ed V\u00e1m str\u00e1vit p\u0159\u00edjemn\u00fd \u010das.","datePublished":"2024-11-13","dateModified":"2024-11-13","author":{"@type":"Person","@id":"https:\/\/www.zahoranek.cz\/author\/devene\/#Person","name":"devene","url":"https:\/\/www.zahoranek.cz\/author\/devene\/","identifier":1,"image":{"@type":"ImageObject","@id":"https:\/\/secure.gravatar.com\/avatar\/c4e504508c75b610a351629e223ddd0c5b7858df84b2b7deedc4e007bdf99fc8?s=96&d=mm&r=g","url":"https:\/\/secure.gravatar.com\/avatar\/c4e504508c75b610a351629e223ddd0c5b7858df84b2b7deedc4e007bdf99fc8?s=96&d=mm&r=g","height":96,"width":96}},"publisher":{"@type":"Organization","name":"zahoranek.cz","logo":{"@type":"ImageObject","@id":"\/logo.png","url":"\/logo.png","width":600,"height":60}},"url":"https:\/\/www.zahoranek.cz\/rozsirte-si-svuj-dum\/","wordCount":172,"articleBody":"Chcete prakticky roz\u0161\u00ed\u0159it sv\u016fj d\u016fm? Zimn\u00ed zahrady roz\u0161\u00ed\u0159\u00ed V\u00e1\u0161 obytn\u00fd prostor o dal\u0161\u00ed m\u00edstnost. Umo\u017en\u00ed V\u00e1m str\u00e1vit p\u0159\u00edjemn\u00fd \u010das uprost\u0159ed p\u0159\u00edrody i v chladn\u00fdch m\u011bs\u00edc\u00edch, \u010d\u00edm\u017e si prodlou\u017e\u00edte l\u00e9to. Nab\u00edz\u00edme odborn\u00e9 poradenstv\u00ed a osobit\u00fd p\u0159\u00edstup. Ka\u017edou zak\u00e1zku \u0159e\u0161\u00edme individu\u00e1ln\u011b, tak abychom co nejl\u00e9pe vyhov\u011bli po\u017eadavk\u016fm klienta a dispozi\u010dn\u00edm mo\u017enostem jeho domu.Spokojenost p\u0159edev\u0161\u00edmPot\u0159ebujete vhodn\u00fdm zp\u016fsobem zast\u0159e\u0161it Va\u0161\u00ed terasu? Zimn\u00ed zahrady od n\u00e1s zkr\u00e1\u0161l\u00ed V\u00e1\u0161 d\u016fm a z\u00e1rove\u0148 V\u00e1s ochr\u00e1n\u00ed p\u0159ed sn\u011bhem, de\u0161t\u011bm a v\u011btrem. R\u00e1di V\u00e1m pom\u016f\u017eeme s v\u00fdb\u011brem, navrhneme vhodn\u00e9 \u0159e\u0161en\u00ed s ohledem na Va\u0161e p\u0159\u00e1n\u00ed a p\u0159edstavy a zpracujeme cenovou nab\u00eddku. Na kvalitu na\u0161ich v\u00fdrobk\u016f a slu\u017eeb klademe velk\u00fd d\u016fraz, d\u016fle\u017eit\u00e1 je Va\u0161e spokojenost.                                                                                                                                                                                                                                                                                                                                                                                                "},{"@context":"https:\/\/schema.org\/","@type":"BreadcrumbList","itemListElement":[{"@type":"ListItem","position":1,"name":"Roz\u0161i\u0159te si sv\u016fj d\u016fm","item":"https:\/\/www.zahoranek.cz\/rozsirte-si-svuj-dum\/#breadcrumbitem"}]}]